{"id":1893,"date":"2021-04-16T06:49:21","date_gmt":"2021-04-16T06:49:21","guid":{"rendered":"https:\/\/opel-delovi.com\/?p=1893"},"modified":"2023-05-26T09:59:57","modified_gmt":"2023-05-26T09:59:57","slug":"vikend-u-beogradu","status":"publish","type":"post","link":"https:\/\/opel-delovi.com\/index.php\/2021\/04\/16\/vikend-u-beogradu\/","title":{"rendered":"Vikend u Beogradu"},"content":{"rendered":"\n<p>Glavni grad na\u0161e dr\u017eave odavno je postao omiljeno mesto za boravak, kako inostranih, tako i na\u0161ih gra\u0111ana koji \u017eive u drugim gradovima. Povoljan polo\u017eaj ali i bogat istorijski, kulturni i zabavni \u017eivot doprinose da se o njemu govori i van na\u0161ih granica. Ukusna i doma\u0107a hrana koja se mo\u017ee probati u kafanama i restoranima, mesta koja vredi posetiti zbog istorijskog zna\u010daja ali i gostoprimstvo na\u0161eg naroda uti\u010de na to da mu se svi vra\u0107aju, nakon \u0161to prvi put kro\u010de na njegovo tlo. Kako se nalazi na raskrsnici Zapada i Istoka, de\u0161ava se da je Beograd \u010desto spona mnogih letova, te se preseda upravo u Beogradu, \u0161to je odli\u010dan povod za mnoge putnike da upoznaju bar malo gradskog \u0161arma o kome se toliko pri\u010da.&nbsp;<\/p>\n\n\n\n<h3 class=\"wp-block-heading\"><strong>Kako obi\u0107i Beograd?&nbsp;<\/strong><\/h3>\n\n\n\n<p>Jedno od pitanja koje mnoge mu\u010di jeste pitanje prevoza. Na raspolaganju je nekoliko opcija. Ukoliko nemate svoje vozilo, mo\u017eete koristiti gradski prevoz, taksi ili<a href=\"https:\/\/www.arrentacar.rs\/\" target=\"_blank\" rel=\"noopener\"> <strong>renta car<\/strong> <strong>Begrad<\/strong><\/a> uslugu. Pokazalo se da je potonja sve popularnija zbog prakti\u010dnosti i efikasnosti koju pru\u017ea. Gradski prevoz oduzima vreme, a to je upravo ono \u0161to nemate u izobilju ukoliko ste u poseti glavnom gradu tokom vikenda. Da biste videli \u0161to vi\u0161e stvari i u\u017eivali u njima, klackanje i gurkanje po autobusima svakako je ne\u0161to \u0161to \u017eelite da izbgente. \u010cesto se da de\u0161ava i da autobusi kasne ili da su pak prepuni \u0161to mo\u017ee stvoriti nepotrebnu nervozu i nelagodnost. Taksi predstavlja bolju varijantu ali je udarac na nov\u010danik. Da li \u017eelite da sve potro\u0161ite na prevoz ili na neke druge stvari? Sigurno ne na prevoz. Prednost taksija jeste brzina i to \u0161to ne zaviste od drugih.&nbsp;<\/p>\n\n\n\n<h2 class=\"wp-block-heading\"><strong>Rent a car Beograd \u2013 \u0161tedi vreme i novac<\/strong><\/h2>\n\n\n\n<p>Me\u0111utim, ono \u0161to se pokazalo kao jedno od boljih re\u0161enja jeste<a href=\"http:\/\/www.rentacar-beograd-stars.com\/\" target=\"_blank\" rel=\"noopener\"> <strong>rent a car Beograd<\/strong><\/a>. U pitanju je iznajmljivanje vozila preko agencija koje nude upravo tu vrstu usluge. Vozilo mo\u017eete rezervisati putem sajta, gde se tako\u0111e nalazi \u010ditav spisak dostupnih automobila i njihove karakteristike. Po principu \u201eklju\u010d u ruke\u201c dobijate auto koji koristite do trenutka odlaska. <a href=\"https:\/\/www.rentacar-beograd-bel.com\/sr\/\" target=\"_blank\" rel=\"noopener\"><strong>Rent a car<\/strong> <strong>Beograd<\/strong><\/a> je pogodan jer ne zavisite od drugih, vi ste ti koji odlu\u010dujete kada se \u0161ta obilazi, koliko dugo. Ova vrste usluge uglavnom se koristila me\u0111u poslovnim ljudima, ali je sve vi\u0161e i drugih korisnika koji se odlu\u010duju za nju. Pored toga \u0161to \u0107ete u\u0161tedeti, dobi\u0107ete i na vremenu.\u00a0<\/p>\n\n\n\n<h4 class=\"wp-block-heading\"><strong>Od Kalemegdana preko Skadarlije do 25. maja&nbsp;<\/strong><\/h4>\n\n\n\n<p>Pored Kalemegdana, tvr\u0111ave po kojoj je Beograd poznat, postoji jo\u0161 nekoliko lokaliteta koje valaj obi\u0107i. Pomenimo Avalu, Gardo\u0161 u Zemunu, Savski kej, Adu, Banovo brdo, Zvezdarsku \u0161umu, \u0160umice. Kada govorimo o restoranima i kafanama onda je Skadarlija nema konkurenciju. Tradicionalna jela, stari duh Beograda i atmosfera doprine\u0107e tome da se ose\u0107ate kao da ste se vratili nekoliko godina i zakora\u010dili u vreme starih boema \u2013 \u0110ure Jak\u0161i\u0107a, Moma Kapora, Tome Zdravkovi\u0107 i drugih koji su ostavili neobrisive tragove upravo na ovom mestu. Za ljubitelje kulturnih manifestacija tu je sijaset galerija, muzeja i pozori\u0161ta koji uvek imaju ne\u0161to novo i zanimljivo na meniju. Oni koji su okrenuti sportu ima\u0107e priliek da u\u017eivaju na 25.maju, \u0161etali\u0161tu namenjenom za sportske aktivnosti. &nbsp;<\/p>\n\n\n\n<p>Iako vikend u Beogradu nije ni pribli\u017eno dovoljan vremenski period da se oseti i upozna ovaj grad, svakako jeste dobar po\u010detak te misije.&nbsp;<\/p>\n","protected":false},"excerpt":{"rendered":"<p>Glavni grad na\u0161e dr\u017eave odavno je postao omiljeno mesto za boravak, kako inostranih, tako i&hellip;<\/p>\n","protected":false},"author":1,"featured_media":1740,"comment_status":"open","ping_status":"open","sticky":false,"template":"","format":"standard","meta":{"footnotes":""},"categories":[41],"tags":[59,60,61],"class_list":["post-1893","post","type-post","status-publish","format-standard","has-post-thumbnail","hentry","category-turizam","tag-rent-a-car-beograd","tag-renta-car-beograd","tag-rentacar-beograd"],"_links":{"self":[{"href":"https:\/\/opel-delovi.com\/index.php\/wp-json\/wp\/v2\/posts\/1893","targetHints":{"allow":["GET"]}}],"collection":[{"href":"https:\/\/opel-delovi.com\/index.php\/wp-json\/wp\/v2\/posts"}],"about":[{"href":"https:\/\/opel-delovi.com\/index.php\/wp-json\/wp\/v2\/types\/post"}],"author":[{"embeddable":true,"href":"https:\/\/opel-delovi.com\/index.php\/wp-json\/wp\/v2\/users\/1"}],"replies":[{"embeddable":true,"href":"https:\/\/opel-delovi.com\/index.php\/wp-json\/wp\/v2\/comments?post=1893"}],"version-history":[{"count":2,"href":"https:\/\/opel-delovi.com\/index.php\/wp-json\/wp\/v2\/posts\/1893\/revisions"}],"predecessor-version":[{"id":1947,"href":"https:\/\/opel-delovi.com\/index.php\/wp-json\/wp\/v2\/posts\/1893\/revisions\/1947"}],"wp:featuredmedia":[{"embeddable":true,"href":"https:\/\/opel-delovi.com\/index.php\/wp-json\/wp\/v2\/media\/1740"}],"wp:attachment":[{"href":"https:\/\/opel-delovi.com\/index.php\/wp-json\/wp\/v2\/media?parent=1893"}],"wp:term":[{"taxonomy":"category","embeddable":true,"href":"https:\/\/opel-delovi.com\/index.php\/wp-json\/wp\/v2\/categories?post=1893"},{"taxonomy":"post_tag","embeddable":true,"href":"https:\/\/opel-delovi.com\/index.php\/wp-json\/wp\/v2\/tags?post=1893"}],"curies":[{"name":"wp","href":"https:\/\/api.w.org\/{rel}","templated":true}]}}