{"id":1834,"date":"2019-12-16T16:12:07","date_gmt":"2019-12-16T16:12:07","guid":{"rendered":"https:\/\/opel-delovi.com\/?p=1834"},"modified":"2020-02-05T12:27:36","modified_gmt":"2020-02-05T12:27:36","slug":"jeep-priprema-subcompact-model-ispod-renegade-za-evropu","status":"publish","type":"post","link":"https:\/\/opel-delovi.com\/index.php\/2019\/12\/16\/jeep-priprema-subcompact-model-ispod-renegade-za-evropu\/","title":{"rendered":"Jeep priprema subcompact model ispod Renegade za Evropu"},"content":{"rendered":"\n<p>Glasine o novom, sub-kompaktnom d\u017eipu koji c\u0301e se zaleteti ispod Renegade na odre\u0111enim prekomorskim tr\u017ei\u0161tima stari su vi\u0161e od godinu dana. Automotive Nevs izvestio je o planovima za takav model pro\u0161log novembra, a deo nove svrhe d\u017eipa bio je da se doda proizvodnja neiskori\u0161c\u0301enim postrojenjima u Evropi. U martu, izvr\u0161ni direktor Fiat Chrisler-a Mike Manlei rekao je Autocaru: &#8220;Manji automobil od Renegade nam je veoma interesantan i trenutno aktivno gledamo na projekat&#8221;. Vozilo je od tada potvr\u0111eno, sa o\u010dekivanim dolaskom 2022. godine. Prema Auto Ekpress-u, koji je razgovarao sa Jeep-ovim \u0161efom marketinga marke u Evropi, Marcom Pigozzijem, kratak c\u0301e biti izazov za Suzuki Jimni u Evropi.<\/p>\n\n\n\n<p>Pigozzi nije koristio te re\u010di. Rekao je za magazin, &#8220;Automobil c\u0301e se moc\u0301i koristiti kao d\u017eip sa zlobnim krevetom, ali je i dizajniran da se koristi svakodnevno&#8221;, i otkrio je du\u017einu vozila oko \u010detiri metra, malo vi\u0161e od 13 stopa. To bi bilo otprilike 10 centimetara krac\u0301e od Renegade, ta\u010dno otprilike veli\u010dine Nissan Juke duga 13,8 stopa i vi\u0161e od stope du\u017ee od Jimnija. AE se mo\u017eda upore\u0111uje sa Suzukijem, iako je Jimni star samo manje od 12 stopa, on je jedini terenac koji ima problem sa misijom i mehani\u010dari koji nagla\u0161avaju upotrebu na terenu. Juke je verovatno bolje merilo.<\/p>\n\n\n\n<p>Uz sve doga\u0111aje na FCA nedavno, mnogo vec\u0301e pitanje je pitanje o platformi. Pre razgovora o spajanju sa Groupe PSA, smatralo se da c\u0301e <a href=\"https:\/\/www.topcena-autodelovi.rs\/result\/jeep\/model\/motor\/kategorija\/podkategorija\/mesto\/\" target=\"_blank\" rel=\"noopener\">Jeep<\/a> bacati pogled na platformu za sledec\u0301u generaciju Fiat Panda 4k4. Uspe\u0161no spajanje otvorilo bi vrata vec\u0301oj, a mo\u017eda i boljoj, platformi za male automobile poput PSA-ove zajedni\u010dke modularne arhitekture, poznate i kao EMP1. Ta \u0161asija podr\u017eava kompaktne nivoe kao i Citroen DS3 Crossback crossover, duga\u010dak 13,5 stopa i napravljen je da u\u0111e u elektrifikaciju.<\/p>\n\n\n\n<p>Taj poslednji zaloga je presudan jer se Jeep obavezao da c\u0301e do 2022. godine ponuditi elektrificiranu verziju svega u opsegu, prema izve\u0161taju kompanije Vhich Car &#8211; bilo priklju\u010dne hibride ili motore sa baterijama, osim opcija sa unutra\u0161njim sagorevanjem. Renegade i Compass PHEV-ovi se lansiraju sledec\u0301e godine<\/p>\n","protected":false},"excerpt":{"rendered":"<p>Glasine o novom, sub-kompaktnom d\u017eipu koji c\u0301e se zaleteti ispod Renegade na odre\u0111enim prekomorskim tr\u017ei\u0161tima&hellip;<\/p>\n","protected":false},"author":2,"featured_media":1835,"comment_status":"open","ping_status":"open","sticky":false,"template":"","format":"standard","meta":{"footnotes":""},"categories":[5],"tags":[],"class_list":["post-1834","post","type-post","status-publish","format-standard","has-post-thumbnail","hentry","category-novosti"],"_links":{"self":[{"href":"https:\/\/opel-delovi.com\/index.php\/wp-json\/wp\/v2\/posts\/1834","targetHints":{"allow":["GET"]}}],"collection":[{"href":"https:\/\/opel-delovi.com\/index.php\/wp-json\/wp\/v2\/posts"}],"about":[{"href":"https:\/\/opel-delovi.com\/index.php\/wp-json\/wp\/v2\/types\/post"}],"author":[{"embeddable":true,"href":"https:\/\/opel-delovi.com\/index.php\/wp-json\/wp\/v2\/users\/2"}],"replies":[{"embeddable":true,"href":"https:\/\/opel-delovi.com\/index.php\/wp-json\/wp\/v2\/comments?post=1834"}],"version-history":[{"count":2,"href":"https:\/\/opel-delovi.com\/index.php\/wp-json\/wp\/v2\/posts\/1834\/revisions"}],"predecessor-version":[{"id":1849,"href":"https:\/\/opel-delovi.com\/index.php\/wp-json\/wp\/v2\/posts\/1834\/revisions\/1849"}],"wp:featuredmedia":[{"embeddable":true,"href":"https:\/\/opel-delovi.com\/index.php\/wp-json\/wp\/v2\/media\/1835"}],"wp:attachment":[{"href":"https:\/\/opel-delovi.com\/index.php\/wp-json\/wp\/v2\/media?parent=1834"}],"wp:term":[{"taxonomy":"category","embeddable":true,"href":"https:\/\/opel-delovi.com\/index.php\/wp-json\/wp\/v2\/categories?post=1834"},{"taxonomy":"post_tag","embeddable":true,"href":"https:\/\/opel-delovi.com\/index.php\/wp-json\/wp\/v2\/tags?post=1834"}],"curies":[{"name":"wp","href":"https:\/\/api.w.org\/{rel}","templated":true}]}}